{"id":9794,"date":"2023-03-31T14:21:05","date_gmt":"2023-03-31T12:21:05","guid":{"rendered":"https:\/\/www.asf-fischer.com\/a-s-f-fischer-bv-breidt-logistiek-centrum-uit\/"},"modified":"2023-06-08T11:04:50","modified_gmt":"2023-06-08T09:04:50","slug":"a-s-f-fischer-bv-breidt-logistiek-centrum-uit","status":"publish","type":"post","link":"https:\/\/www.asf-fischer.com\/fr\/a-s-f-fischer-bv-breidt-logistiek-centrum-uit\/","title":{"rendered":"Agrandissement centre logistique A.S.F. Fischer BV!"},"content":{"rendered":"\n<p>Le vendredi 31 mars, A.S.F. Fischer BV a pos\u00e9 le premier pieu pour l&rsquo;extension du centre logistique.<\/p>\n\n<p>Casper Booij, le fils de l&rsquo;actuel directeur Arnoud Booij, \u00e0 l&rsquo;\u00e2ge de 11 ans, a conduit le premier poteau symbolique. \u00ab Une tradition familiale, dit Booij; sous l&rsquo;\u0153il attentif de mon p\u00e8re, aussi \u00e0 l&rsquo;\u00e2ge de 11 ans, j&rsquo;ai \u00e9galement enfonc\u00e9 le premier poteau d&rsquo;une de nos pr\u00e9c\u00e9dentes extensions. A.S.F. Fischer BV est \u00e9tablie sur le site actuel de Lelystad depuis 1970 et a d\u00e9j\u00e0 connu plusieurs extensions majeures ces derni\u00e8res ann\u00e9es.   <\/p>\n\n<p>Le centre logistique existant sera agrandi de plus de 2500 m2. Le nouvel espace mesurera 50 m\u00e8tres sur 50, aura une hauteur de plus de 13 m\u00e8tres et sera \u00e9quip\u00e9 de 3 niveleurs de quai int\u00e9rieurs. De plus, le b\u00e2timent est enti\u00e8rement durable, \u00e9quip\u00e9 d&rsquo;un chauffage au sol, de panneaux solaires et d&rsquo;un \u00e9clairage LED.  <\/p>\n\n<p>L&rsquo;expansion fournira bient\u00f4t de l&rsquo;espace pour plus de 10 000 nouveaux emplacements de palettes. Pas un luxe superflu, puisque A.S.F. Fischer BV a r\u00e9cemment repris la firme Herag de Bolsward et une int\u00e9gration compl\u00e8te des activit\u00e9s de vente, d&rsquo;achat et de logistique a eu lieu \u00e0 Lelystad. <\/p>\n\n<p>Le nouveau b\u00e2timent sera non seulement durable, mais aussi tr\u00e8s efficace, avec des syst\u00e8mes avanc\u00e9s pour la pr\u00e9paration et l&rsquo;exp\u00e9dition des commandes. En cons\u00e9quence, A.S.F. Fischer BV peut optimiser encore plus le service envers ses clients et traiter et livrer les commandes encore plus rapidement et de mani\u00e8re plus fiable. <\/p>\n\n<div class=\"wp-block-columns is-layout-flex wp-container-core-columns-is-layout-28f84493 wp-block-columns-is-layout-flex\">\n<div class=\"wp-block-column is-layout-flow wp-block-column-is-layout-flow\">\n<figure class=\"wp-block-image size-full is-resized\"><img decoding=\"async\" src=\"https:\/\/www.asf-fischer.be\/wp-content\/uploads\/2023\/03\/1.png\" alt=\"\" class=\"wp-image-9426\" width=\"225\" height=\"189\" srcset=\"https:\/\/www.asf-fischer.com\/wp-content\/uploads\/2023\/03\/1.png 940w, https:\/\/www.asf-fischer.com\/wp-content\/uploads\/2023\/03\/1-300x251.png 300w, https:\/\/www.asf-fischer.com\/wp-content\/uploads\/2023\/03\/1-768x644.png 768w\" sizes=\"(max-width: 225px) 100vw, 225px\" \/><\/figure><\/div>\n\n\n\n<div class=\"wp-block-column is-layout-flow wp-block-column-is-layout-flow\">\n<figure class=\"wp-block-image size-full is-resized\"><img decoding=\"async\" src=\"https:\/\/www.asf-fischer.be\/wp-content\/uploads\/2023\/03\/2.png\" alt=\"\" class=\"wp-image-9430\" width=\"226\" height=\"189\" srcset=\"https:\/\/www.asf-fischer.com\/wp-content\/uploads\/2023\/03\/2.png 940w, https:\/\/www.asf-fischer.com\/wp-content\/uploads\/2023\/03\/2-300x251.png 300w, https:\/\/www.asf-fischer.com\/wp-content\/uploads\/2023\/03\/2-768x644.png 768w\" sizes=\"(max-width: 226px) 100vw, 226px\" \/><\/figure><\/div>\n\n\n\n<div class=\"wp-block-column is-layout-flow wp-block-column-is-layout-flow\">\n<figure class=\"wp-block-image size-full is-resized\"><img decoding=\"async\" src=\"https:\/\/www.asf-fischer.be\/wp-content\/uploads\/2023\/03\/3.png\" alt=\"\" class=\"wp-image-9434\" width=\"225\" height=\"188\" srcset=\"https:\/\/www.asf-fischer.com\/wp-content\/uploads\/2023\/03\/3.png 940w, https:\/\/www.asf-fischer.com\/wp-content\/uploads\/2023\/03\/3-300x251.png 300w, https:\/\/www.asf-fischer.com\/wp-content\/uploads\/2023\/03\/3-768x644.png 768w\" sizes=\"(max-width: 225px) 100vw, 225px\" \/><\/figure><\/div>\n\n\n\n<div class=\"wp-block-column is-layout-flow wp-block-column-is-layout-flow\">\n<figure class=\"wp-block-image size-full is-resized\"><img decoding=\"async\" src=\"https:\/\/www.asf-fischer.be\/wp-content\/uploads\/2023\/03\/4-1.png\" alt=\"\" class=\"wp-image-9442\" width=\"223\" height=\"187\" srcset=\"https:\/\/www.asf-fischer.com\/wp-content\/uploads\/2023\/03\/4-1.png 940w, https:\/\/www.asf-fischer.com\/wp-content\/uploads\/2023\/03\/4-1-300x251.png 300w, https:\/\/www.asf-fischer.com\/wp-content\/uploads\/2023\/03\/4-1-768x644.png 768w\" sizes=\"(max-width: 223px) 100vw, 223px\" \/><\/figure><\/div>\n<\/div>\n","protected":false},"excerpt":{"rendered":"<p>Le vendredi 31 mars, A.S.F. Fischer BV a pos\u00e9 le premier pieu pour l&rsquo;extension du centre logistique. Casper Booij, le fils de l&rsquo;actuel directeur Arnoud Booij, \u00e0 l&rsquo;\u00e2ge de 11 ans, a conduit le premier poteau symbolique. \u00ab Une tradition familiale, dit Booij; sous l&rsquo;\u0153il attentif de mon p\u00e8re, aussi \u00e0 l&rsquo;\u00e2ge de 11 ans, [&hellip;]<\/p>\n","protected":false},"author":2,"featured_media":10688,"comment_status":"closed","ping_status":"closed","sticky":false,"template":"","format":"standard","meta":{"_acf_changed":false,"inline_featured_image":false,"_uag_custom_page_level_css":"","site-sidebar-layout":"default","site-content-layout":"","ast-site-content-layout":"default","site-content-style":"default","site-sidebar-style":"default","ast-global-header-display":"","ast-banner-title-visibility":"","ast-main-header-display":"","ast-hfb-above-header-display":"","ast-hfb-below-header-display":"","ast-hfb-mobile-header-display":"","site-post-title":"","ast-breadcrumbs-content":"","ast-featured-img":"","footer-sml-layout":"","ast-disable-related-posts":"","theme-transparent-header-meta":"","adv-header-id-meta":"","stick-header-meta":"","header-above-stick-meta":"","header-main-stick-meta":"","header-below-stick-meta":"","astra-migrate-meta-layouts":"default","ast-page-background-enabled":"default","ast-page-background-meta":{"desktop":{"background-color":"","background-image":"","background-repeat":"repeat","background-position":"center center","background-size":"auto","background-attachment":"scroll","background-type":"","background-media":"","overlay-type":"","overlay-color":"","overlay-opacity":"","overlay-gradient":""},"tablet":{"background-color":"","background-image":"","background-repeat":"repeat","background-position":"center center","background-size":"auto","background-attachment":"scroll","background-type":"","background-media":"","overlay-type":"","overlay-color":"","overlay-opacity":"","overlay-gradient":""},"mobile":{"background-color":"","background-image":"","background-repeat":"repeat","background-position":"center center","background-size":"auto","background-attachment":"scroll","background-type":"","background-media":"","overlay-type":"","overlay-color":"","overlay-opacity":"","overlay-gradient":""}},"ast-content-background-meta":{"desktop":{"background-color":"var(--ast-global-color-5)","background-image":"","background-repeat":"repeat","background-position":"center center","background-size":"auto","background-attachment":"scroll","background-type":"","background-media":"","overlay-type":"","overlay-color":"","overlay-opacity":"","overlay-gradient":""},"tablet":{"background-color":"var(--ast-global-color-5)","background-image":"","background-repeat":"repeat","background-position":"center center","background-size":"auto","background-attachment":"scroll","background-type":"","background-media":"","overlay-type":"","overlay-color":"","overlay-opacity":"","overlay-gradient":""},"mobile":{"background-color":"var(--ast-global-color-5)","background-image":"","background-repeat":"repeat","background-position":"center center","background-size":"auto","background-attachment":"scroll","background-type":"","background-media":"","overlay-type":"","overlay-color":"","overlay-opacity":"","overlay-gradient":""}},"footnotes":""},"categories":[39,7],"tags":[],"class_list":["post-9794","post","type-post","status-publish","format-standard","has-post-thumbnail","hentry","category-actualites","category-non-classifiee"],"acf":[],"yoast_head":"<!-- This site is optimized with the Yoast SEO plugin v27.5 - https:\/\/yoast.com\/product\/yoast-seo-wordpress\/ -->\n<title>Agrandissement centre logistique A.S.F. Fischer BV! - A.S.F. Fischer<\/title>\n<meta name=\"robots\" content=\"index, follow, max-snippet:-1, max-image-preview:large, max-video-preview:-1\" \/>\n<link rel=\"canonical\" href=\"https:\/\/www.asf-fischer.com\/fr\/a-s-f-fischer-bv-breidt-logistiek-centrum-uit\/\" \/>\n<meta property=\"og:locale\" content=\"fr_FR\" \/>\n<meta property=\"og:type\" content=\"article\" \/>\n<meta property=\"og:title\" content=\"Agrandissement centre logistique A.S.F. Fischer BV! - A.S.F. Fischer\" \/>\n<meta property=\"og:description\" content=\"Le vendredi 31 mars, A.S.F. Fischer BV a pos\u00e9 le premier pieu pour l&rsquo;extension du centre logistique. Casper Booij, le fils de l&rsquo;actuel directeur Arnoud Booij, \u00e0 l&rsquo;\u00e2ge de 11 ans, a conduit le premier poteau symbolique. \u00ab Une tradition familiale, dit Booij; sous l&rsquo;\u0153il attentif de mon p\u00e8re, aussi \u00e0 l&rsquo;\u00e2ge de 11 ans, [&hellip;]\" \/>\n<meta property=\"og:url\" content=\"https:\/\/www.asf-fischer.com\/fr\/a-s-f-fischer-bv-breidt-logistiek-centrum-uit\/\" \/>\n<meta property=\"og:site_name\" content=\"A.S.F. Fischer\" \/>\n<meta property=\"article:published_time\" content=\"2023-03-31T12:21:05+00:00\" \/>\n<meta property=\"article:modified_time\" content=\"2023-06-08T09:04:50+00:00\" \/>\n<meta property=\"og:image\" content=\"https:\/\/www.asf-fischer.be\/wp-content\/uploads\/2023\/06\/IMG_6906-scaled-e1686215077165.jpg\" \/>\n\t<meta property=\"og:image:width\" content=\"2560\" \/>\n\t<meta property=\"og:image:height\" content=\"1707\" \/>\n\t<meta property=\"og:image:type\" content=\"image\/jpeg\" \/>\n<meta name=\"author\" content=\"Support\" \/>\n<meta name=\"twitter:card\" content=\"summary_large_image\" \/>\n<meta name=\"twitter:label1\" content=\"\u00c9crit par\" \/>\n\t<meta name=\"twitter:data1\" content=\"Support\" \/>\n\t<meta name=\"twitter:label2\" content=\"Dur\u00e9e de lecture estim\u00e9e\" \/>\n\t<meta name=\"twitter:data2\" content=\"1 minute\" \/>\n<script type=\"application\/ld+json\" class=\"yoast-schema-graph\">{\"@context\":\"https:\\\/\\\/schema.org\",\"@graph\":[{\"@type\":\"Article\",\"@id\":\"https:\\\/\\\/www.asf-fischer.com\\\/fr\\\/a-s-f-fischer-bv-breidt-logistiek-centrum-uit\\\/#article\",\"isPartOf\":{\"@id\":\"https:\\\/\\\/www.asf-fischer.com\\\/fr\\\/a-s-f-fischer-bv-breidt-logistiek-centrum-uit\\\/\"},\"author\":{\"name\":\"Support\",\"@id\":\"https:\\\/\\\/www.asf-fischer.nl\\\/#\\\/schema\\\/person\\\/fada2905174b5e76834c46714de4baa4\"},\"headline\":\"Agrandissement centre logistique A.S.F. Fischer BV!\",\"datePublished\":\"2023-03-31T12:21:05+00:00\",\"dateModified\":\"2023-06-08T09:04:50+00:00\",\"mainEntityOfPage\":{\"@id\":\"https:\\\/\\\/www.asf-fischer.com\\\/fr\\\/a-s-f-fischer-bv-breidt-logistiek-centrum-uit\\\/\"},\"wordCount\":279,\"publisher\":{\"@id\":\"https:\\\/\\\/www.asf-fischer.nl\\\/#organization\"},\"image\":{\"@id\":\"https:\\\/\\\/www.asf-fischer.com\\\/fr\\\/a-s-f-fischer-bv-breidt-logistiek-centrum-uit\\\/#primaryimage\"},\"thumbnailUrl\":\"https:\\\/\\\/www.asf-fischer.com\\\/wp-content\\\/uploads\\\/2023\\\/06\\\/IMG_6906-scaled-e1686215077165.jpg\",\"articleSection\":[\"Actualit\u00e9s\",\"Non classifi\u00e9(e)\"],\"inLanguage\":\"fr-FR\"},{\"@type\":\"WebPage\",\"@id\":\"https:\\\/\\\/www.asf-fischer.com\\\/fr\\\/a-s-f-fischer-bv-breidt-logistiek-centrum-uit\\\/\",\"url\":\"https:\\\/\\\/www.asf-fischer.com\\\/fr\\\/a-s-f-fischer-bv-breidt-logistiek-centrum-uit\\\/\",\"name\":\"Agrandissement centre logistique A.S.F. Fischer BV! - A.S.F. Fischer\",\"isPartOf\":{\"@id\":\"https:\\\/\\\/www.asf-fischer.nl\\\/#website\"},\"primaryImageOfPage\":{\"@id\":\"https:\\\/\\\/www.asf-fischer.com\\\/fr\\\/a-s-f-fischer-bv-breidt-logistiek-centrum-uit\\\/#primaryimage\"},\"image\":{\"@id\":\"https:\\\/\\\/www.asf-fischer.com\\\/fr\\\/a-s-f-fischer-bv-breidt-logistiek-centrum-uit\\\/#primaryimage\"},\"thumbnailUrl\":\"https:\\\/\\\/www.asf-fischer.com\\\/wp-content\\\/uploads\\\/2023\\\/06\\\/IMG_6906-scaled-e1686215077165.jpg\",\"datePublished\":\"2023-03-31T12:21:05+00:00\",\"dateModified\":\"2023-06-08T09:04:50+00:00\",\"breadcrumb\":{\"@id\":\"https:\\\/\\\/www.asf-fischer.com\\\/fr\\\/a-s-f-fischer-bv-breidt-logistiek-centrum-uit\\\/#breadcrumb\"},\"inLanguage\":\"fr-FR\",\"potentialAction\":[{\"@type\":\"ReadAction\",\"target\":[\"https:\\\/\\\/www.asf-fischer.com\\\/fr\\\/a-s-f-fischer-bv-breidt-logistiek-centrum-uit\\\/\"]}]},{\"@type\":\"ImageObject\",\"inLanguage\":\"fr-FR\",\"@id\":\"https:\\\/\\\/www.asf-fischer.com\\\/fr\\\/a-s-f-fischer-bv-breidt-logistiek-centrum-uit\\\/#primaryimage\",\"url\":\"https:\\\/\\\/www.asf-fischer.com\\\/wp-content\\\/uploads\\\/2023\\\/06\\\/IMG_6906-scaled-e1686215077165.jpg\",\"contentUrl\":\"https:\\\/\\\/www.asf-fischer.com\\\/wp-content\\\/uploads\\\/2023\\\/06\\\/IMG_6906-scaled-e1686215077165.jpg\",\"width\":2560,\"height\":1707},{\"@type\":\"BreadcrumbList\",\"@id\":\"https:\\\/\\\/www.asf-fischer.com\\\/fr\\\/a-s-f-fischer-bv-breidt-logistiek-centrum-uit\\\/#breadcrumb\",\"itemListElement\":[{\"@type\":\"ListItem\",\"position\":1,\"name\":\"Home\",\"item\":\"https:\\\/\\\/www.asf-fischer.com\\\/fr\\\/\"},{\"@type\":\"ListItem\",\"position\":2,\"name\":\"Agrandissement centre logistique A.S.F. Fischer BV!\"}]},{\"@type\":\"WebSite\",\"@id\":\"https:\\\/\\\/www.asf-fischer.nl\\\/#website\",\"url\":\"https:\\\/\\\/www.asf-fischer.nl\\\/\",\"name\":\"A.S.F. Fischer\",\"description\":\"Partner in fasteners\",\"publisher\":{\"@id\":\"https:\\\/\\\/www.asf-fischer.nl\\\/#organization\"},\"potentialAction\":[{\"@type\":\"SearchAction\",\"target\":{\"@type\":\"EntryPoint\",\"urlTemplate\":\"https:\\\/\\\/www.asf-fischer.nl\\\/?s={search_term_string}\"},\"query-input\":{\"@type\":\"PropertyValueSpecification\",\"valueRequired\":true,\"valueName\":\"search_term_string\"}}],\"inLanguage\":\"fr-FR\"},{\"@type\":\"Organization\",\"@id\":\"https:\\\/\\\/www.asf-fischer.nl\\\/#organization\",\"name\":\"A.S.F. Fischer\",\"url\":\"https:\\\/\\\/www.asf-fischer.nl\\\/\",\"logo\":{\"@type\":\"ImageObject\",\"inLanguage\":\"fr-FR\",\"@id\":\"https:\\\/\\\/www.asf-fischer.nl\\\/#\\\/schema\\\/logo\\\/image\\\/\",\"url\":\"https:\\\/\\\/www.asf-fischer.com\\\/wp-content\\\/uploads\\\/2026\\\/01\\\/ASF-Fischer-PIFAT-logo-actueel-e1768991354497-1.svg\",\"contentUrl\":\"https:\\\/\\\/www.asf-fischer.com\\\/wp-content\\\/uploads\\\/2026\\\/01\\\/ASF-Fischer-PIFAT-logo-actueel-e1768991354497-1.svg\",\"caption\":\"A.S.F. Fischer\"},\"image\":{\"@id\":\"https:\\\/\\\/www.asf-fischer.nl\\\/#\\\/schema\\\/logo\\\/image\\\/\"}},{\"@type\":\"Person\",\"@id\":\"https:\\\/\\\/www.asf-fischer.nl\\\/#\\\/schema\\\/person\\\/fada2905174b5e76834c46714de4baa4\",\"name\":\"Support\",\"image\":{\"@type\":\"ImageObject\",\"inLanguage\":\"fr-FR\",\"@id\":\"https:\\\/\\\/secure.gravatar.com\\\/avatar\\\/c00bd1f75c38e39faaa592d279e3cd87e5b4ce2b43b9f682eb9add462660584b?s=96&d=mm&r=g\",\"url\":\"https:\\\/\\\/secure.gravatar.com\\\/avatar\\\/c00bd1f75c38e39faaa592d279e3cd87e5b4ce2b43b9f682eb9add462660584b?s=96&d=mm&r=g\",\"contentUrl\":\"https:\\\/\\\/secure.gravatar.com\\\/avatar\\\/c00bd1f75c38e39faaa592d279e3cd87e5b4ce2b43b9f682eb9add462660584b?s=96&d=mm&r=g\",\"caption\":\"Support\"}}]}<\/script>\n<!-- \/ Yoast SEO plugin. -->","yoast_head_json":{"title":"Agrandissement centre logistique A.S.F. Fischer BV! - A.S.F. Fischer","robots":{"index":"index","follow":"follow","max-snippet":"max-snippet:-1","max-image-preview":"max-image-preview:large","max-video-preview":"max-video-preview:-1"},"canonical":"https:\/\/www.asf-fischer.com\/fr\/a-s-f-fischer-bv-breidt-logistiek-centrum-uit\/","og_locale":"fr_FR","og_type":"article","og_title":"Agrandissement centre logistique A.S.F. Fischer BV! - A.S.F. Fischer","og_description":"Le vendredi 31 mars, A.S.F. Fischer BV a pos\u00e9 le premier pieu pour l&rsquo;extension du centre logistique. Casper Booij, le fils de l&rsquo;actuel directeur Arnoud Booij, \u00e0 l&rsquo;\u00e2ge de 11 ans, a conduit le premier poteau symbolique. \u00ab Une tradition familiale, dit Booij; sous l&rsquo;\u0153il attentif de mon p\u00e8re, aussi \u00e0 l&rsquo;\u00e2ge de 11 ans, [&hellip;]","og_url":"https:\/\/www.asf-fischer.com\/fr\/a-s-f-fischer-bv-breidt-logistiek-centrum-uit\/","og_site_name":"A.S.F. Fischer","article_published_time":"2023-03-31T12:21:05+00:00","article_modified_time":"2023-06-08T09:04:50+00:00","og_image":[{"width":2560,"height":1707,"url":"https:\/\/www.asf-fischer.be\/wp-content\/uploads\/2023\/06\/IMG_6906-scaled-e1686215077165.jpg","type":"image\/jpeg"}],"author":"Support","twitter_card":"summary_large_image","twitter_misc":{"\u00c9crit par":"Support","Dur\u00e9e de lecture estim\u00e9e":"1 minute"},"schema":{"@context":"https:\/\/schema.org","@graph":[{"@type":"Article","@id":"https:\/\/www.asf-fischer.com\/fr\/a-s-f-fischer-bv-breidt-logistiek-centrum-uit\/#article","isPartOf":{"@id":"https:\/\/www.asf-fischer.com\/fr\/a-s-f-fischer-bv-breidt-logistiek-centrum-uit\/"},"author":{"name":"Support","@id":"https:\/\/www.asf-fischer.nl\/#\/schema\/person\/fada2905174b5e76834c46714de4baa4"},"headline":"Agrandissement centre logistique A.S.F. Fischer BV!","datePublished":"2023-03-31T12:21:05+00:00","dateModified":"2023-06-08T09:04:50+00:00","mainEntityOfPage":{"@id":"https:\/\/www.asf-fischer.com\/fr\/a-s-f-fischer-bv-breidt-logistiek-centrum-uit\/"},"wordCount":279,"publisher":{"@id":"https:\/\/www.asf-fischer.nl\/#organization"},"image":{"@id":"https:\/\/www.asf-fischer.com\/fr\/a-s-f-fischer-bv-breidt-logistiek-centrum-uit\/#primaryimage"},"thumbnailUrl":"https:\/\/www.asf-fischer.com\/wp-content\/uploads\/2023\/06\/IMG_6906-scaled-e1686215077165.jpg","articleSection":["Actualit\u00e9s","Non classifi\u00e9(e)"],"inLanguage":"fr-FR"},{"@type":"WebPage","@id":"https:\/\/www.asf-fischer.com\/fr\/a-s-f-fischer-bv-breidt-logistiek-centrum-uit\/","url":"https:\/\/www.asf-fischer.com\/fr\/a-s-f-fischer-bv-breidt-logistiek-centrum-uit\/","name":"Agrandissement centre logistique A.S.F. Fischer BV! - A.S.F. Fischer","isPartOf":{"@id":"https:\/\/www.asf-fischer.nl\/#website"},"primaryImageOfPage":{"@id":"https:\/\/www.asf-fischer.com\/fr\/a-s-f-fischer-bv-breidt-logistiek-centrum-uit\/#primaryimage"},"image":{"@id":"https:\/\/www.asf-fischer.com\/fr\/a-s-f-fischer-bv-breidt-logistiek-centrum-uit\/#primaryimage"},"thumbnailUrl":"https:\/\/www.asf-fischer.com\/wp-content\/uploads\/2023\/06\/IMG_6906-scaled-e1686215077165.jpg","datePublished":"2023-03-31T12:21:05+00:00","dateModified":"2023-06-08T09:04:50+00:00","breadcrumb":{"@id":"https:\/\/www.asf-fischer.com\/fr\/a-s-f-fischer-bv-breidt-logistiek-centrum-uit\/#breadcrumb"},"inLanguage":"fr-FR","potentialAction":[{"@type":"ReadAction","target":["https:\/\/www.asf-fischer.com\/fr\/a-s-f-fischer-bv-breidt-logistiek-centrum-uit\/"]}]},{"@type":"ImageObject","inLanguage":"fr-FR","@id":"https:\/\/www.asf-fischer.com\/fr\/a-s-f-fischer-bv-breidt-logistiek-centrum-uit\/#primaryimage","url":"https:\/\/www.asf-fischer.com\/wp-content\/uploads\/2023\/06\/IMG_6906-scaled-e1686215077165.jpg","contentUrl":"https:\/\/www.asf-fischer.com\/wp-content\/uploads\/2023\/06\/IMG_6906-scaled-e1686215077165.jpg","width":2560,"height":1707},{"@type":"BreadcrumbList","@id":"https:\/\/www.asf-fischer.com\/fr\/a-s-f-fischer-bv-breidt-logistiek-centrum-uit\/#breadcrumb","itemListElement":[{"@type":"ListItem","position":1,"name":"Home","item":"https:\/\/www.asf-fischer.com\/fr\/"},{"@type":"ListItem","position":2,"name":"Agrandissement centre logistique A.S.F. Fischer BV!"}]},{"@type":"WebSite","@id":"https:\/\/www.asf-fischer.nl\/#website","url":"https:\/\/www.asf-fischer.nl\/","name":"A.S.F. Fischer","description":"Partner in fasteners","publisher":{"@id":"https:\/\/www.asf-fischer.nl\/#organization"},"potentialAction":[{"@type":"SearchAction","target":{"@type":"EntryPoint","urlTemplate":"https:\/\/www.asf-fischer.nl\/?s={search_term_string}"},"query-input":{"@type":"PropertyValueSpecification","valueRequired":true,"valueName":"search_term_string"}}],"inLanguage":"fr-FR"},{"@type":"Organization","@id":"https:\/\/www.asf-fischer.nl\/#organization","name":"A.S.F. Fischer","url":"https:\/\/www.asf-fischer.nl\/","logo":{"@type":"ImageObject","inLanguage":"fr-FR","@id":"https:\/\/www.asf-fischer.nl\/#\/schema\/logo\/image\/","url":"https:\/\/www.asf-fischer.com\/wp-content\/uploads\/2026\/01\/ASF-Fischer-PIFAT-logo-actueel-e1768991354497-1.svg","contentUrl":"https:\/\/www.asf-fischer.com\/wp-content\/uploads\/2026\/01\/ASF-Fischer-PIFAT-logo-actueel-e1768991354497-1.svg","caption":"A.S.F. Fischer"},"image":{"@id":"https:\/\/www.asf-fischer.nl\/#\/schema\/logo\/image\/"}},{"@type":"Person","@id":"https:\/\/www.asf-fischer.nl\/#\/schema\/person\/fada2905174b5e76834c46714de4baa4","name":"Support","image":{"@type":"ImageObject","inLanguage":"fr-FR","@id":"https:\/\/secure.gravatar.com\/avatar\/c00bd1f75c38e39faaa592d279e3cd87e5b4ce2b43b9f682eb9add462660584b?s=96&d=mm&r=g","url":"https:\/\/secure.gravatar.com\/avatar\/c00bd1f75c38e39faaa592d279e3cd87e5b4ce2b43b9f682eb9add462660584b?s=96&d=mm&r=g","contentUrl":"https:\/\/secure.gravatar.com\/avatar\/c00bd1f75c38e39faaa592d279e3cd87e5b4ce2b43b9f682eb9add462660584b?s=96&d=mm&r=g","caption":"Support"}}]}},"uagb_featured_image_src":{"full":["https:\/\/www.asf-fischer.com\/wp-content\/uploads\/2023\/06\/IMG_6906-scaled-e1686215077165.jpg",2560,1707,false],"thumbnail":["https:\/\/www.asf-fischer.com\/wp-content\/uploads\/2023\/06\/IMG_6906-150x150.jpg",150,150,true],"medium":["https:\/\/www.asf-fischer.com\/wp-content\/uploads\/2023\/06\/IMG_6906-300x200.jpg",300,200,true],"medium_large":["https:\/\/www.asf-fischer.com\/wp-content\/uploads\/2023\/06\/IMG_6906-768x512.jpg",768,512,true],"large":["https:\/\/www.asf-fischer.com\/wp-content\/uploads\/2023\/06\/IMG_6906-1024x683.jpg",1024,683,true],"1536x1536":["https:\/\/www.asf-fischer.com\/wp-content\/uploads\/2023\/06\/IMG_6906-1536x1024.jpg",1536,1024,true],"2048x2048":["https:\/\/www.asf-fischer.com\/wp-content\/uploads\/2023\/06\/IMG_6906-2048x1365.jpg",2048,1365,true]},"uagb_author_info":{"display_name":"Support","author_link":"https:\/\/www.asf-fischer.com\/fr\/author\/support\/"},"uagb_comment_info":0,"uagb_excerpt":"Le vendredi 31 mars, A.S.F. Fischer BV a pos\u00e9 le premier pieu pour l&rsquo;extension du centre logistique. Casper Booij, le fils de l&rsquo;actuel directeur Arnoud Booij, \u00e0 l&rsquo;\u00e2ge de 11 ans, a conduit le premier poteau symbolique. \u00ab Une tradition familiale, dit Booij; sous l&rsquo;\u0153il attentif de mon p\u00e8re, aussi \u00e0 l&rsquo;\u00e2ge de 11 ans,\u2026","_links":{"self":[{"href":"https:\/\/www.asf-fischer.com\/fr\/wp-json\/wp\/v2\/posts\/9794","targetHints":{"allow":["GET"]}}],"collection":[{"href":"https:\/\/www.asf-fischer.com\/fr\/wp-json\/wp\/v2\/posts"}],"about":[{"href":"https:\/\/www.asf-fischer.com\/fr\/wp-json\/wp\/v2\/types\/post"}],"author":[{"embeddable":true,"href":"https:\/\/www.asf-fischer.com\/fr\/wp-json\/wp\/v2\/users\/2"}],"replies":[{"embeddable":true,"href":"https:\/\/www.asf-fischer.com\/fr\/wp-json\/wp\/v2\/comments?post=9794"}],"version-history":[{"count":3,"href":"https:\/\/www.asf-fischer.com\/fr\/wp-json\/wp\/v2\/posts\/9794\/revisions"}],"predecessor-version":[{"id":10044,"href":"https:\/\/www.asf-fischer.com\/fr\/wp-json\/wp\/v2\/posts\/9794\/revisions\/10044"}],"wp:featuredmedia":[{"embeddable":true,"href":"https:\/\/www.asf-fischer.com\/fr\/wp-json\/wp\/v2\/media\/10688"}],"wp:attachment":[{"href":"https:\/\/www.asf-fischer.com\/fr\/wp-json\/wp\/v2\/media?parent=9794"}],"wp:term":[{"taxonomy":"category","embeddable":true,"href":"https:\/\/www.asf-fischer.com\/fr\/wp-json\/wp\/v2\/categories?post=9794"},{"taxonomy":"post_tag","embeddable":true,"href":"https:\/\/www.asf-fischer.com\/fr\/wp-json\/wp\/v2\/tags?post=9794"}],"curies":[{"name":"wp","href":"https:\/\/api.w.org\/{rel}","templated":true}]}}